{"id":8351,"date":"2019-03-11T18:19:21","date_gmt":"2019-03-11T17:19:21","guid":{"rendered":"http:\/\/www.phytocontrol.com\/?p=8351"},"modified":"2019-03-11T18:21:02","modified_gmt":"2019-03-11T17:21:02","slug":"adopcion-por-el-consejo-de-la-ue-de-la-propuesta-de-directiva-sobre-el-agua-potable","status":"publish","type":"post","link":"https:\/\/www.phytocontrol.com\/es\/vigilancia-reglementaria\/adopcion-por-el-consejo-de-la-ue-de-la-propuesta-de-directiva-sobre-el-agua-potable\/","title":{"rendered":"Adopci\u00f3n por el Consejo de la UE de la propuesta de directiva sobre el agua potable"},"content":{"rendered":"<div class=\"hover_box\"><div class=\"hover_box_wrapper\"><img decoding=\"async\" class=\"scale-with-grid visible_photo\" src=\"\/wp-content\/uploads\/2018\/03\/r\u00e8glementation_29102017.jpg\" alt=\"Adopci\u00f3n por el Consejo de la UE de la propuesta de directiva sobre el agua potable\" width=\"\" height=\"\"\/><img decoding=\"async\" class=\"scale-with-grid hidden_photo\" src=\"\/wp-content\/uploads\/2018\/03\/actu_publication-rasff-2016_02.jpg\" alt=\"Adopci\u00f3n por el Consejo de la UE de la propuesta de directiva sobre el agua potable\" width=\"\" height=\"\"\/><\/div><\/div>\n\n<p>&nbsp;<\/p>\n<p>En su comunicado de prensa del 5 de marzo de 2019, el Consejo de la UE anunci\u00f3 que adopt\u00f3 su posici\u00f3n sobre la propuesta de revisar la directiva de la UE sobre el agua potable.<br \/>\nEsta futura directiva prev\u00e9, en particular:<\/p>\n<p>&#8211; Un enfoque basado en el riesgo en el contexto del monitoreo de la calidad del agua.<br \/>\n&#8211; Modificaci\u00f3n de los criterios de evaluaci\u00f3n de la calidad del agua.<br \/>\n&#8211; Nuevas disposiciones sobre materiales que entran en contacto con el agua potable.<br \/>\n&#8211; Mejor acceso al agua potable.<\/p>\n<p>Uno de los cambios principales en este proyecto es la actualizaci\u00f3n de los est\u00e1ndares actuales para la calidad del agua (valores param\u00e9tricos y par\u00e1metros de an\u00e1lisis). Estas normas se establecieron hace 20 a\u00f1os y no han sido revisadas desde entonces.<\/p>\n<p>En su sesi\u00f3n plenaria del 23 de octubre de 2018, el Parlamento Europeo propuso enmiendas a la propuesta de la Comisi\u00f3n.<br \/>\nDeber\u00eda establecer su posici\u00f3n en primera lectura para la segunda sesi\u00f3n plenaria en marzo.<br \/>\nEs probable que las negociaciones interinstitucionales tengan lugar durante la Presidencia finlandesa el 1 de julio de 2019.<\/p>\n<p>Nuestro departamento de vigilancia regulatoria est\u00e1 siguiendo muy de cerca el progreso de este proyecto para anticipar sus necesidades.<br \/>\nNuestro laboratorio ya cuenta con muchos par\u00e1metros anal\u00edticos acreditados en microbiolog\u00eda, fisicoqu\u00edmica, microcontaminantes org\u00e1nicos, productos fitosanitarios y compuestos minerales en agua dulce, agua mineral y di\u00f3xido de carbono.<br \/>\nPuede consultar los detalles de nuestro alcance de acreditaci\u00f3n N \u00b0 1-6066 en el sitio web de COFRAC o directamente en su \u00e1rea de clientes.<\/p>\n<p>Para cualquier informaci\u00f3n t\u00e9cnica, arancelaria o regulatoria, no dude en contactarnos.<\/p>\n<p>&nbsp;<\/p>\n<p>&nbsp;<\/p>\n","protected":false},"excerpt":{"rendered":"<p>&nbsp; En su comunicado de prensa del 5 de marzo de 2019, el Consejo de la UE anunci\u00f3 que adopt\u00f3 su posici\u00f3n sobre la propuesta de<span class=\"excerpt-hellip\"> [\u2026]<\/span><\/p>\n","protected":false},"author":2,"featured_media":5457,"comment_status":"open","ping_status":"open","sticky":false,"template":"","format":"standard","meta":{"_acf_changed":false,"footnotes":""},"categories":[190],"tags":[],"yst_prominent_words":[],"class_list":["post-8351","post","type-post","status-publish","format-standard","has-post-thumbnail","hentry","category-vigilancia-reglementaria"],"acf":[],"_links":{"self":[{"href":"https:\/\/www.phytocontrol.com\/es\/wp-json\/wp\/v2\/posts\/8351","targetHints":{"allow":["GET"]}}],"collection":[{"href":"https:\/\/www.phytocontrol.com\/es\/wp-json\/wp\/v2\/posts"}],"about":[{"href":"https:\/\/www.phytocontrol.com\/es\/wp-json\/wp\/v2\/types\/post"}],"author":[{"embeddable":true,"href":"https:\/\/www.phytocontrol.com\/es\/wp-json\/wp\/v2\/users\/2"}],"replies":[{"embeddable":true,"href":"https:\/\/www.phytocontrol.com\/es\/wp-json\/wp\/v2\/comments?post=8351"}],"version-history":[{"count":0,"href":"https:\/\/www.phytocontrol.com\/es\/wp-json\/wp\/v2\/posts\/8351\/revisions"}],"wp:featuredmedia":[{"embeddable":true,"href":"https:\/\/www.phytocontrol.com\/es\/wp-json\/wp\/v2\/media\/5457"}],"wp:attachment":[{"href":"https:\/\/www.phytocontrol.com\/es\/wp-json\/wp\/v2\/media?parent=8351"}],"wp:term":[{"taxonomy":"category","embeddable":true,"href":"https:\/\/www.phytocontrol.com\/es\/wp-json\/wp\/v2\/categories?post=8351"},{"taxonomy":"post_tag","embeddable":true,"href":"https:\/\/www.phytocontrol.com\/es\/wp-json\/wp\/v2\/tags?post=8351"},{"taxonomy":"yst_prominent_words","embeddable":true,"href":"https:\/\/www.phytocontrol.com\/es\/wp-json\/wp\/v2\/yst_prominent_words?post=8351"}],"curies":[{"name":"wp","href":"https:\/\/api.w.org\/{rel}","templated":true}]}}